{"id":3068,"date":"2025-07-07T14:16:09","date_gmt":"2025-07-07T14:16:09","guid":{"rendered":"https:\/\/www.jeanpierreporcher.com\/?p=3068"},"modified":"2025-07-07T14:22:06","modified_gmt":"2025-07-07T14:22:06","slug":"pourquoi-peindre-alain-gunst","status":"publish","type":"post","link":"https:\/\/www.jeanpierreporcher.com\/fr\/2025\/07\/07\/pourquoi-peindre-alain-gunst\/","title":{"rendered":"\u00ab\u00a0Pourquoi peindre\u00a0\u00bb Alain Gunst"},"content":{"rendered":"Sans jamais donner de le\u00e7on de peinture, Alain Gunst recense ici 32 raisons de peindre qui, \u00ab mauvaises \u00bb ou \u00ab moins mauvaises \u00bb, prennent un malin plaisir \u00e0 brocarder un monde de l\u2019art d\u00e9sormais obnubil\u00e9 par le festif, l\u2019esbroufe, le spectaculaire. A tel point que le v\u00e9ritable artiste peut en arriver \u00e0 se demander : \u00ab Pourquoi peindre encore ? \u00bb Un sourire en coin, le sage balaye l\u2019interrogation : c\u2019est que l\u00e0 n\u2019est pas la question\u2026 Des \u00e9tudes d\u2019architecture aux Beaux-Arts de Paris ont pouss\u00e9 Alain Gunst (1937) vers la peinture. De 1975 \u00e0 1985, il a fr\u00e9quent\u00e9 les grands ma\u00eetres de l\u2019art moderne et actuel dans la galerie de Nicole et Lucien Durand o\u00f9 il exposait. A l\u2019ENSAN de Nantes, il enseigna ensuite les crit\u00e8res de qualit\u00e9 en art, dessin et urbanit\u00e9 sensible.<\/p>\n<p><img loading=\"lazy\" decoding=\"async\" class=\"size-full wp-image-3071 aligncenter\" src=\"https:\/\/www.jeanpierreporcher.com\/wp-content\/uploads\/2025\/07\/image-1.jpeg\" alt=\"\" width=\"273\" height=\"400\" srcset=\"https:\/\/www.jeanpierreporcher.com\/wp-content\/uploads\/2025\/07\/image-1.jpeg 273w, https:\/\/www.jeanpierreporcher.com\/wp-content\/uploads\/2025\/07\/image-1-205x300.jpeg 205w\" sizes=\"auto, (max-width: 273px) 100vw, 273px\" \/>","protected":false},"excerpt":{"rendered":"<p>Sans jamais donner de le\u00e7on de peinture, Alain Gunst recense ici 32 raisons de peindre qui, \u00ab mauvaises \u00bb ou \u00ab moins mauvaises \u00bb, prennent un malin plaisir \u00e0 brocarder un monde de l\u2019art d\u00e9sormais obnubil\u00e9 par le festif, l\u2019esbroufe, le spectaculaire. A tel point que le v\u00e9ritable artiste peut en arriver \u00e0 se demander..<\/p>\n","protected":false},"author":1,"featured_media":3075,"comment_status":"open","ping_status":"open","sticky":false,"template":"","format":"standard","meta":{"footnotes":""},"categories":[24],"tags":[],"class_list":["post-3068","post","type-post","status-publish","format-standard","has-post-thumbnail","hentry","category-pintura"],"_links":{"self":[{"href":"https:\/\/www.jeanpierreporcher.com\/fr\/wp-json\/wp\/v2\/posts\/3068","targetHints":{"allow":["GET"]}}],"collection":[{"href":"https:\/\/www.jeanpierreporcher.com\/fr\/wp-json\/wp\/v2\/posts"}],"about":[{"href":"https:\/\/www.jeanpierreporcher.com\/fr\/wp-json\/wp\/v2\/types\/post"}],"author":[{"embeddable":true,"href":"https:\/\/www.jeanpierreporcher.com\/fr\/wp-json\/wp\/v2\/users\/1"}],"replies":[{"embeddable":true,"href":"https:\/\/www.jeanpierreporcher.com\/fr\/wp-json\/wp\/v2\/comments?post=3068"}],"version-history":[{"count":3,"href":"https:\/\/www.jeanpierreporcher.com\/fr\/wp-json\/wp\/v2\/posts\/3068\/revisions"}],"predecessor-version":[{"id":3074,"href":"https:\/\/www.jeanpierreporcher.com\/fr\/wp-json\/wp\/v2\/posts\/3068\/revisions\/3074"}],"wp:featuredmedia":[{"embeddable":true,"href":"https:\/\/www.jeanpierreporcher.com\/fr\/wp-json\/wp\/v2\/media\/3075"}],"wp:attachment":[{"href":"https:\/\/www.jeanpierreporcher.com\/fr\/wp-json\/wp\/v2\/media?parent=3068"}],"wp:term":[{"taxonomy":"category","embeddable":true,"href":"https:\/\/www.jeanpierreporcher.com\/fr\/wp-json\/wp\/v2\/categories?post=3068"},{"taxonomy":"post_tag","embeddable":true,"href":"https:\/\/www.jeanpierreporcher.com\/fr\/wp-json\/wp\/v2\/tags?post=3068"}],"curies":[{"name":"wp","href":"https:\/\/api.w.org\/{rel}","templated":true}]}}