{"id":3030,"date":"2024-07-08T15:46:07","date_gmt":"2024-07-08T15:46:07","guid":{"rendered":"https:\/\/www.jeanpierreporcher.com\/?p=3030"},"modified":"2024-07-08T15:48:06","modified_gmt":"2024-07-08T15:48:06","slug":"exposicao-colectiva-um-verao-no-porto","status":"publish","type":"post","link":"https:\/\/www.jeanpierreporcher.com\/fr\/2024\/07\/08\/exposicao-colectiva-um-verao-no-porto\/","title":{"rendered":"EXPOSITION COLLECTIVE \u00ab\u00a0UN \u00c9T\u00c9 \u00c1 PORTO\u00a0\u00bb"},"content":{"rendered":"<figure id=\"attachment_3031\" aria-describedby=\"caption-attachment-3031\" style=\"width: 1628px\" class=\"wp-caption alignnone\"><img loading=\"lazy\" decoding=\"async\" class=\"wp-image-3031 size-full\" src=\"https:\/\/www.jeanpierreporcher.com\/wp-content\/uploads\/2024\/07\/x-passage-110-x-156-cm-22-01-2022-1.jpg\" alt=\"\" width=\"1628\" height=\"1200\" srcset=\"https:\/\/www.jeanpierreporcher.com\/wp-content\/uploads\/2024\/07\/x-passage-110-x-156-cm-22-01-2022-1.jpg 1628w, https:\/\/www.jeanpierreporcher.com\/wp-content\/uploads\/2024\/07\/x-passage-110-x-156-cm-22-01-2022-1-300x221.jpg 300w, https:\/\/www.jeanpierreporcher.com\/wp-content\/uploads\/2024\/07\/x-passage-110-x-156-cm-22-01-2022-1-1024x755.jpg 1024w, https:\/\/www.jeanpierreporcher.com\/wp-content\/uploads\/2024\/07\/x-passage-110-x-156-cm-22-01-2022-1-768x566.jpg 768w, https:\/\/www.jeanpierreporcher.com\/wp-content\/uploads\/2024\/07\/x-passage-110-x-156-cm-22-01-2022-1-1536x1132.jpg 1536w, https:\/\/www.jeanpierreporcher.com\/wp-content\/uploads\/2024\/07\/x-passage-110-x-156-cm-22-01-2022-1-1200x885.jpg 1200w, https:\/\/www.jeanpierreporcher.com\/wp-content\/uploads\/2024\/07\/x-passage-110-x-156-cm-22-01-2022-1-800x590.jpg 800w, https:\/\/www.jeanpierreporcher.com\/wp-content\/uploads\/2024\/07\/x-passage-110-x-156-cm-22-01-2022-1-385x284.jpg 385w, https:\/\/www.jeanpierreporcher.com\/wp-content\/uploads\/2024\/07\/x-passage-110-x-156-cm-22-01-2022-1-400x295.jpg 400w\" sizes=\"auto, (max-width: 1628px) 100vw, 1628px\" \/><figcaption id=\"caption-attachment-3031\" class=\"wp-caption-text\">JP Porcher, Passage 110&#215;156 cm acrylic on canvas<\/figcaption><\/figure>\n<p>Oeuvres de: Ana Pais Oliveira, Branislav Mihajlovic, Bruno Pedrosa, Carlota Roque Martins, Fernando Gaspar, Gonzalez Bravo, Jean Pierre Porcher, Jes\u00fas Curia, Lu\u00eds Rodrigues, Maria Saunders, Nadir Afonso, Paulo Neves, Pepe Barragan, Sofia Areal, Stefanie Pullin, Vitor Ribeiro.<\/p>\n<p><strong>\u201cUN \u00c9T\u00c9 \u00c1 PORTO\u201d<\/strong><br \/>\nExposition collective<br \/>\ndu 6 juillet au 10 septembre 2024<\/p>\n<p><strong>GALERIA S\u00c3O MAMEDE<\/strong><br \/>\nRua Miguel Bombarda, 624<br \/>\n4050-379 PORTO<\/p>\n<p><a href=\"http:\/\/www.saomamede.com\/\">www.saomamede.com<\/a><\/p>\n<p>&nbsp;","protected":false},"excerpt":{"rendered":"<p>Oeuvres de: Ana Pais Oliveira, Branislav Mihajlovic, Bruno Pedrosa, Carlota Roque Martins, Fernando Gaspar, Gonzalez Bravo, Jean Pierre Porcher, Jes\u00fas Curia, Lu\u00eds Rodrigues, Maria Saunders, Nadir Afonso, Paulo Neves, Pepe Barragan, Sofia Areal, Stefanie Pullin, Vitor Ribeiro. \u201cUN \u00c9T\u00c9 \u00c1 PORTO\u201d Exposition collective du 6 juillet au 10 septembre 2024 GALERIA S\u00c3O MAMEDE Rua Miguel..<\/p>\n","protected":false},"author":1,"featured_media":3032,"comment_status":"open","ping_status":"open","sticky":false,"template":"","format":"standard","meta":{"footnotes":""},"categories":[24],"tags":[],"class_list":["post-3030","post","type-post","status-publish","format-standard","has-post-thumbnail","hentry","category-pintura"],"_links":{"self":[{"href":"https:\/\/www.jeanpierreporcher.com\/fr\/wp-json\/wp\/v2\/posts\/3030","targetHints":{"allow":["GET"]}}],"collection":[{"href":"https:\/\/www.jeanpierreporcher.com\/fr\/wp-json\/wp\/v2\/posts"}],"about":[{"href":"https:\/\/www.jeanpierreporcher.com\/fr\/wp-json\/wp\/v2\/types\/post"}],"author":[{"embeddable":true,"href":"https:\/\/www.jeanpierreporcher.com\/fr\/wp-json\/wp\/v2\/users\/1"}],"replies":[{"embeddable":true,"href":"https:\/\/www.jeanpierreporcher.com\/fr\/wp-json\/wp\/v2\/comments?post=3030"}],"version-history":[{"count":1,"href":"https:\/\/www.jeanpierreporcher.com\/fr\/wp-json\/wp\/v2\/posts\/3030\/revisions"}],"predecessor-version":[{"id":3033,"href":"https:\/\/www.jeanpierreporcher.com\/fr\/wp-json\/wp\/v2\/posts\/3030\/revisions\/3033"}],"wp:featuredmedia":[{"embeddable":true,"href":"https:\/\/www.jeanpierreporcher.com\/fr\/wp-json\/wp\/v2\/media\/3032"}],"wp:attachment":[{"href":"https:\/\/www.jeanpierreporcher.com\/fr\/wp-json\/wp\/v2\/media?parent=3030"}],"wp:term":[{"taxonomy":"category","embeddable":true,"href":"https:\/\/www.jeanpierreporcher.com\/fr\/wp-json\/wp\/v2\/categories?post=3030"},{"taxonomy":"post_tag","embeddable":true,"href":"https:\/\/www.jeanpierreporcher.com\/fr\/wp-json\/wp\/v2\/tags?post=3030"}],"curies":[{"name":"wp","href":"https:\/\/api.w.org\/{rel}","templated":true}]}}