{"id":2846,"date":"2022-11-09T15:51:49","date_gmt":"2022-11-09T15:51:49","guid":{"rendered":"https:\/\/www.jeanpierreporcher.com\/?p=2846"},"modified":"2022-11-09T16:09:05","modified_gmt":"2022-11-09T16:09:05","slug":"2846","status":"publish","type":"post","link":"https:\/\/www.jeanpierreporcher.com\/fr\/2022\/11\/09\/2846\/","title":{"rendered":"XII Bienal Internacional de Arte Jovem de Vila Verde"},"content":{"rendered":"<p style=\"text-align: center;\"><strong>OBRAS PREMIADAS<\/strong><\/p>\n<p><img loading=\"lazy\" decoding=\"async\" class=\"size-full wp-image-2853 aligncenter\" src=\"https:\/\/www.jeanpierreporcher.com\/wp-content\/uploads\/2022\/11\/bienal.png\" alt=\"\" width=\"632\" height=\"723\" srcset=\"https:\/\/www.jeanpierreporcher.com\/wp-content\/uploads\/2022\/11\/bienal.png 632w, https:\/\/www.jeanpierreporcher.com\/wp-content\/uploads\/2022\/11\/bienal-262x300.png 262w, https:\/\/www.jeanpierreporcher.com\/wp-content\/uploads\/2022\/11\/bienal-385x440.png 385w, https:\/\/www.jeanpierreporcher.com\/wp-content\/uploads\/2022\/11\/bienal-400x458.png 400w\" sizes=\"auto, (max-width: 632px) 100vw, 632px\" \/><\/p>\n<p>O J\u00fari de Premia\u00e7\u00e3o constitu\u00eddo pelo Pintor Lu\u00eds Coquen\u00e3o, Diretor Art\u00edstico da XII Bienal Internacional de Arte Jovem, Isaque Pinheiro, Artista Pl\u00e1stico, Maciel Cardeira, Presidente da D&rsquo;Arte e Artista Pl\u00e1stico, Jean Pierre Porcher, Arquiteto e Artista Pl\u00e1stico, Rafael Ibarra, Artista Pl\u00e1stico, reuniu a 28 de outubro e decidiu premiar as seguintes obras a concurso:<\/p>\n<p><strong>GRANDE PR\u00c9MIO BIENAL INTERNACIONAL DE ARTE JOVEM (Ex.Aequo):<\/strong><\/p>\n<p>-Destroying Mem\u00f3rie Serie, de Eva Maria Moreira Resende<br \/>\n-Sei que muitos dias acordas e desejas estar completo\/Aos teus P\u00e9s, de Laura Pinto da Mota<\/p>\n<p><strong>SEGUNDO PR\u00c9MIO DA BIENAL INTERNACIONAL DE ARTE JOVEM<\/strong><\/p>\n<p>-P\u00e9talas de Luz, de Maria Lu\u00edsa Capela Rodrigues Carvalho<\/p>\n<p><strong>PR\u00c9MIO REVELA\u00c7\u00c3O<\/strong><br \/>\n\u200b<br \/>\n-Sinfonia num Lugar de Tens\u00e3o, de Maria de Monserrate Ribeiro e Costa<br \/>\n\u200b<br \/>\n<strong>MEN\u00c7\u00c3O HONROSA<\/strong><\/p>\n<p>-O Senhor da Pedra, Lucas Varillas Fern\u00e1ndez<br \/>\n-Landscape #6, de Pedro Gramaxo<br \/>\n-S\/Titulo (da natureza), de Rui Filipe Freitas Ferreira<br \/>\n-Na antessala da consci\u00eancia, de Sally Santiago<br \/>\n-Lepus I e Lepus II, de Susana Cristina Ferreira de Carvalho<br \/>\n-a Symphony for a beloved Sky, de Maria Luzia Almeida Cunha Alegre e Silva","protected":false},"excerpt":{"rendered":"<p>OBRAS PREMIADAS O J\u00fari de Premia\u00e7\u00e3o constitu\u00eddo pelo Pintor Lu\u00eds Coquen\u00e3o, Diretor Art\u00edstico da XII Bienal Internacional de Arte Jovem, Isaque Pinheiro, Artista Pl\u00e1stico, Maciel Cardeira, Presidente da D&rsquo;Arte e Artista Pl\u00e1stico, Jean Pierre Porcher, Arquiteto e Artista Pl\u00e1stico, Rafael Ibarra, Artista Pl\u00e1stico, reuniu a 28 de outubro e decidiu premiar as seguintes obras a..<\/p>\n","protected":false},"author":1,"featured_media":2855,"comment_status":"closed","ping_status":"closed","sticky":false,"template":"","format":"standard","meta":{"footnotes":""},"categories":[24],"tags":[],"class_list":["post-2846","post","type-post","status-publish","format-standard","has-post-thumbnail","hentry","category-pintura"],"_links":{"self":[{"href":"https:\/\/www.jeanpierreporcher.com\/fr\/wp-json\/wp\/v2\/posts\/2846","targetHints":{"allow":["GET"]}}],"collection":[{"href":"https:\/\/www.jeanpierreporcher.com\/fr\/wp-json\/wp\/v2\/posts"}],"about":[{"href":"https:\/\/www.jeanpierreporcher.com\/fr\/wp-json\/wp\/v2\/types\/post"}],"author":[{"embeddable":true,"href":"https:\/\/www.jeanpierreporcher.com\/fr\/wp-json\/wp\/v2\/users\/1"}],"replies":[{"embeddable":true,"href":"https:\/\/www.jeanpierreporcher.com\/fr\/wp-json\/wp\/v2\/comments?post=2846"}],"version-history":[{"count":6,"href":"https:\/\/www.jeanpierreporcher.com\/fr\/wp-json\/wp\/v2\/posts\/2846\/revisions"}],"predecessor-version":[{"id":2856,"href":"https:\/\/www.jeanpierreporcher.com\/fr\/wp-json\/wp\/v2\/posts\/2846\/revisions\/2856"}],"wp:featuredmedia":[{"embeddable":true,"href":"https:\/\/www.jeanpierreporcher.com\/fr\/wp-json\/wp\/v2\/media\/2855"}],"wp:attachment":[{"href":"https:\/\/www.jeanpierreporcher.com\/fr\/wp-json\/wp\/v2\/media?parent=2846"}],"wp:term":[{"taxonomy":"category","embeddable":true,"href":"https:\/\/www.jeanpierreporcher.com\/fr\/wp-json\/wp\/v2\/categories?post=2846"},{"taxonomy":"post_tag","embeddable":true,"href":"https:\/\/www.jeanpierreporcher.com\/fr\/wp-json\/wp\/v2\/tags?post=2846"}],"curies":[{"name":"wp","href":"https:\/\/api.w.org\/{rel}","templated":true}]}}