{"id":1619,"date":"2020-03-10T16:16:38","date_gmt":"2020-03-10T16:16:38","guid":{"rendered":"https:\/\/www.jeanpierreporcher.com\/?p=1619"},"modified":"2022-03-29T12:01:03","modified_gmt":"2022-03-29T12:01:03","slug":"art-paris","status":"publish","type":"post","link":"https:\/\/www.jeanpierreporcher.com\/fr\/2020\/03\/10\/art-paris\/","title":{"rendered":"Art Paris"},"content":{"rendered":"<figure class=\"wp-block-image size-large\"><img loading=\"lazy\" decoding=\"async\" width=\"1024\" height=\"473\" src=\"https:\/\/www.jeanpierreporcher.com\/wp-content\/uploads\/2020\/03\/screenshot-2020-03-10-15.45.51-2-1024x473.png\" alt=\"\" class=\"wp-image-1620\" srcset=\"https:\/\/www.jeanpierreporcher.com\/wp-content\/uploads\/2020\/03\/screenshot-2020-03-10-15.45.51-2-1024x473.png 1024w, https:\/\/www.jeanpierreporcher.com\/wp-content\/uploads\/2020\/03\/screenshot-2020-03-10-15.45.51-2-300x139.png 300w, https:\/\/www.jeanpierreporcher.com\/wp-content\/uploads\/2020\/03\/screenshot-2020-03-10-15.45.51-2-768x355.png 768w, https:\/\/www.jeanpierreporcher.com\/wp-content\/uploads\/2020\/03\/screenshot-2020-03-10-15.45.51-2-1200x554.png 1200w, https:\/\/www.jeanpierreporcher.com\/wp-content\/uploads\/2020\/03\/screenshot-2020-03-10-15.45.51-2-800x369.png 800w, https:\/\/www.jeanpierreporcher.com\/wp-content\/uploads\/2020\/03\/screenshot-2020-03-10-15.45.51-2-385x178.png 385w, https:\/\/www.jeanpierreporcher.com\/wp-content\/uploads\/2020\/03\/screenshot-2020-03-10-15.45.51-2-400x185.png 400w, https:\/\/www.jeanpierreporcher.com\/wp-content\/uploads\/2020\/03\/screenshot-2020-03-10-15.45.51-2.png 1451w\" sizes=\"auto, (max-width: 1024px) 100vw, 1024px\" \/><\/figure>\r\n\r\n\r\n\r\n<p>  La galerie S\u00e3o Mamede participera au grand salon d&rsquo;art contemporain avec l&rsquo;exposition de 6 artistes:   <\/p>\r\n\r\n\r\n\r\n<ul class=\"wp-block-list\"><li>Nadir Afonso<\/li><li>Justo Gonz\u00e1lez Bravo<\/li><li>Manuel Cargaleiro<\/li><li>Susana Chasse<\/li><li>Jean Pierre Porcher<\/li><li>N\u00e9lio Salt\u00e3o<\/li><\/ul>\r\n\r\n\r\n\r\n<p>Espa\u00e7o C.26<\/p>","protected":false},"excerpt":{"rendered":"<p>La galerie S\u00e3o Mamede participera au grand salon d&rsquo;art contemporain avec l&rsquo;exposition de 6 artistes: Nadir Afonso Justo Gonz\u00e1lez Bravo Manuel Cargaleiro Susana Chasse Jean Pierre Porcher N\u00e9lio Salt\u00e3o Espa\u00e7o C.26<\/p>\n","protected":false},"author":1,"featured_media":1621,"comment_status":"closed","ping_status":"closed","sticky":false,"template":"","format":"standard","meta":{"footnotes":""},"categories":[24],"tags":[],"class_list":["post-1619","post","type-post","status-publish","format-standard","has-post-thumbnail","hentry","category-pintura"],"_links":{"self":[{"href":"https:\/\/www.jeanpierreporcher.com\/fr\/wp-json\/wp\/v2\/posts\/1619","targetHints":{"allow":["GET"]}}],"collection":[{"href":"https:\/\/www.jeanpierreporcher.com\/fr\/wp-json\/wp\/v2\/posts"}],"about":[{"href":"https:\/\/www.jeanpierreporcher.com\/fr\/wp-json\/wp\/v2\/types\/post"}],"author":[{"embeddable":true,"href":"https:\/\/www.jeanpierreporcher.com\/fr\/wp-json\/wp\/v2\/users\/1"}],"replies":[{"embeddable":true,"href":"https:\/\/www.jeanpierreporcher.com\/fr\/wp-json\/wp\/v2\/comments?post=1619"}],"version-history":[{"count":11,"href":"https:\/\/www.jeanpierreporcher.com\/fr\/wp-json\/wp\/v2\/posts\/1619\/revisions"}],"predecessor-version":[{"id":2805,"href":"https:\/\/www.jeanpierreporcher.com\/fr\/wp-json\/wp\/v2\/posts\/1619\/revisions\/2805"}],"wp:featuredmedia":[{"embeddable":true,"href":"https:\/\/www.jeanpierreporcher.com\/fr\/wp-json\/wp\/v2\/media\/1621"}],"wp:attachment":[{"href":"https:\/\/www.jeanpierreporcher.com\/fr\/wp-json\/wp\/v2\/media?parent=1619"}],"wp:term":[{"taxonomy":"category","embeddable":true,"href":"https:\/\/www.jeanpierreporcher.com\/fr\/wp-json\/wp\/v2\/categories?post=1619"},{"taxonomy":"post_tag","embeddable":true,"href":"https:\/\/www.jeanpierreporcher.com\/fr\/wp-json\/wp\/v2\/tags?post=1619"}],"curies":[{"name":"wp","href":"https:\/\/api.w.org\/{rel}","templated":true}]}}