{"id":1403,"date":"2018-06-14T15:27:21","date_gmt":"2018-06-14T15:27:21","guid":{"rendered":"http:\/\/www.jeanpierreporcher.com\/?p=1403"},"modified":"2022-03-29T13:06:24","modified_gmt":"2022-03-29T13:06:24","slug":"exposicao-colectiva-art-4-moz","status":"publish","type":"post","link":"https:\/\/www.jeanpierreporcher.com\/fr\/2018\/06\/14\/exposicao-colectiva-art-4-moz\/","title":{"rendered":"Exposition collective: Art 4 Moz"},"content":{"rendered":"<strong>\u00ab\u00a0ART 4 MOZ\u00a0\u00bb<\/strong><br \/>\nExposition collective<br \/>\nDu 11 au 20 Mai 2018<\/p>\n<p>Jusqu&rsquo;au 20 Mai ne perdez pas l&rsquo;exposition Art4MOZ 2018, \u00e0 la \u00ab\u00a0marina Douro\u00a0\u00bb, \u00e0 Vila Nova de Gaia.<br \/>\nUne rencontre qui allie art, science et solidarit\u00e9, pour la sant\u00e9 du Mozambique, autour de diverses oeuvres de 30 artistes de renom, Portuguais et Mozambicains, dans les domaines de la Peinture, de la Sculpture, du Dessin et de la Photographie.<br \/>\nUne partie des ventes sera revers\u00e9e en faveur de Health4MOZ.<br \/>\nEnsemble, nous sauvons des vies.<\/p>\n<p><b>Hor\u00e1rio<\/b><br \/>\nLundi \u00e0 Dimanche des 14h00 \u00e0 19h00<\/p>\n<p><strong>DOURO MARINA<\/strong><br \/>\nGaia","protected":false},"excerpt":{"rendered":"<p>\u00ab\u00a0ART 4 MOZ\u00a0\u00bb Exposition collective Du 11 au 20 Mai 2018 Jusqu&rsquo;au 20 Mai ne perdez pas l&rsquo;exposition Art4MOZ 2018, \u00e0 la \u00ab\u00a0marina Douro\u00a0\u00bb, \u00e0 Vila Nova de Gaia. Une rencontre qui allie art, science et solidarit\u00e9, pour la sant\u00e9 du Mozambique, autour de diverses oeuvres de 30 artistes de renom, Portuguais et Mozambicains, dans..<\/p>\n","protected":false},"author":1,"featured_media":1405,"comment_status":"closed","ping_status":"closed","sticky":false,"template":"","format":"standard","meta":{"footnotes":""},"categories":[24],"tags":[],"class_list":["post-1403","post","type-post","status-publish","format-standard","has-post-thumbnail","hentry","category-pintura"],"_links":{"self":[{"href":"https:\/\/www.jeanpierreporcher.com\/fr\/wp-json\/wp\/v2\/posts\/1403","targetHints":{"allow":["GET"]}}],"collection":[{"href":"https:\/\/www.jeanpierreporcher.com\/fr\/wp-json\/wp\/v2\/posts"}],"about":[{"href":"https:\/\/www.jeanpierreporcher.com\/fr\/wp-json\/wp\/v2\/types\/post"}],"author":[{"embeddable":true,"href":"https:\/\/www.jeanpierreporcher.com\/fr\/wp-json\/wp\/v2\/users\/1"}],"replies":[{"embeddable":true,"href":"https:\/\/www.jeanpierreporcher.com\/fr\/wp-json\/wp\/v2\/comments?post=1403"}],"version-history":[{"count":3,"href":"https:\/\/www.jeanpierreporcher.com\/fr\/wp-json\/wp\/v2\/posts\/1403\/revisions"}],"predecessor-version":[{"id":1407,"href":"https:\/\/www.jeanpierreporcher.com\/fr\/wp-json\/wp\/v2\/posts\/1403\/revisions\/1407"}],"wp:featuredmedia":[{"embeddable":true,"href":"https:\/\/www.jeanpierreporcher.com\/fr\/wp-json\/wp\/v2\/media\/1405"}],"wp:attachment":[{"href":"https:\/\/www.jeanpierreporcher.com\/fr\/wp-json\/wp\/v2\/media?parent=1403"}],"wp:term":[{"taxonomy":"category","embeddable":true,"href":"https:\/\/www.jeanpierreporcher.com\/fr\/wp-json\/wp\/v2\/categories?post=1403"},{"taxonomy":"post_tag","embeddable":true,"href":"https:\/\/www.jeanpierreporcher.com\/fr\/wp-json\/wp\/v2\/tags?post=1403"}],"curies":[{"name":"wp","href":"https:\/\/api.w.org\/{rel}","templated":true}]}}