{"id":512,"date":"2016-07-12T15:35:01","date_gmt":"2016-07-12T15:35:01","guid":{"rendered":"http:\/\/www.jeanpierreporcher.com\/?p=512"},"modified":"2022-03-29T13:12:25","modified_gmt":"2022-03-29T13:12:25","slug":"exposicao-jean-pierre-porcher-nettie-burnett","status":"publish","type":"post","link":"https:\/\/www.jeanpierreporcher.com\/en\/2016\/07\/12\/exposicao-jean-pierre-porcher-nettie-burnett\/","title":{"rendered":"Exposi\u00e7\u00e3o: Jean Pierre Porcher \/ Nettie Burnett"},"content":{"rendered":"<figure id=\"attachment_681\" aria-describedby=\"caption-attachment-681\" style=\"width: 580px\" class=\"wp-caption aligncenter\"><img loading=\"lazy\" decoding=\"async\" class=\" wp-image-681\" src=\"http:\/\/www.jeanpierreporcher.com\/wp-content\/uploads\/2016\/07\/100x133-le-jardin-sec-du-ryoan-ji.-2012-copia-300x231.jpg\" alt=\"Le jardin sec du Ryoan-ji 100x133 cm\" width=\"580\" height=\"446\" srcset=\"https:\/\/www.jeanpierreporcher.com\/wp-content\/uploads\/2016\/07\/100x133-le-jardin-sec-du-ryoan-ji.-2012-copia-300x231.jpg 300w, https:\/\/www.jeanpierreporcher.com\/wp-content\/uploads\/2016\/07\/100x133-le-jardin-sec-du-ryoan-ji.-2012-copia-768x591.jpg 768w, https:\/\/www.jeanpierreporcher.com\/wp-content\/uploads\/2016\/07\/100x133-le-jardin-sec-du-ryoan-ji.-2012-copia-1024x788.jpg 1024w, https:\/\/www.jeanpierreporcher.com\/wp-content\/uploads\/2016\/07\/100x133-le-jardin-sec-du-ryoan-ji.-2012-copia-2048x1575.jpg 2048w, https:\/\/www.jeanpierreporcher.com\/wp-content\/uploads\/2016\/07\/100x133-le-jardin-sec-du-ryoan-ji.-2012-copia-1200x923.jpg 1200w, https:\/\/www.jeanpierreporcher.com\/wp-content\/uploads\/2016\/07\/100x133-le-jardin-sec-du-ryoan-ji.-2012-copia-800x615.jpg 800w, https:\/\/www.jeanpierreporcher.com\/wp-content\/uploads\/2016\/07\/100x133-le-jardin-sec-du-ryoan-ji.-2012-copia-385x296.jpg 385w, https:\/\/www.jeanpierreporcher.com\/wp-content\/uploads\/2016\/07\/100x133-le-jardin-sec-du-ryoan-ji.-2012-copia-400x308.jpg 400w\" sizes=\"auto, (max-width: 580px) 100vw, 580px\" \/><figcaption id=\"caption-attachment-681\" class=\"wp-caption-text\">Le jardin sec du Ryoan-ji 100&#215;133 cm<\/figcaption><\/figure>\n<p style=\"text-align: justify;\"><strong>GALERIA S\u00c3O MAMEDE NO PORTO<\/strong><strong><br \/>\nINAUGURA\u00c7\u00c3O DIA 22 DE SETEMBRO DE 2012<\/strong><\/p>\n<p><a title=\"Galeria S\u00e3o Mamede\" href=\"http:\/\/www.saomamede.com\/\" target=\"_blank\" rel=\"noopener\">www.saomamede.com<\/a>","protected":false},"excerpt":{"rendered":"<p>GALERIA S\u00c3O MAMEDE NO PORTO INAUGURA\u00c7\u00c3O DIA 22 DE SETEMBRO DE 2012 www.saomamede.com<\/p>\n","protected":false},"author":1,"featured_media":682,"comment_status":"closed","ping_status":"closed","sticky":false,"template":"","format":"standard","meta":{"footnotes":""},"categories":[24],"tags":[],"class_list":["post-512","post","type-post","status-publish","format-standard","has-post-thumbnail","hentry","category-pintura"],"_links":{"self":[{"href":"https:\/\/www.jeanpierreporcher.com\/en\/wp-json\/wp\/v2\/posts\/512","targetHints":{"allow":["GET"]}}],"collection":[{"href":"https:\/\/www.jeanpierreporcher.com\/en\/wp-json\/wp\/v2\/posts"}],"about":[{"href":"https:\/\/www.jeanpierreporcher.com\/en\/wp-json\/wp\/v2\/types\/post"}],"author":[{"embeddable":true,"href":"https:\/\/www.jeanpierreporcher.com\/en\/wp-json\/wp\/v2\/users\/1"}],"replies":[{"embeddable":true,"href":"https:\/\/www.jeanpierreporcher.com\/en\/wp-json\/wp\/v2\/comments?post=512"}],"version-history":[{"count":4,"href":"https:\/\/www.jeanpierreporcher.com\/en\/wp-json\/wp\/v2\/posts\/512\/revisions"}],"predecessor-version":[{"id":2809,"href":"https:\/\/www.jeanpierreporcher.com\/en\/wp-json\/wp\/v2\/posts\/512\/revisions\/2809"}],"wp:featuredmedia":[{"embeddable":true,"href":"https:\/\/www.jeanpierreporcher.com\/en\/wp-json\/wp\/v2\/media\/682"}],"wp:attachment":[{"href":"https:\/\/www.jeanpierreporcher.com\/en\/wp-json\/wp\/v2\/media?parent=512"}],"wp:term":[{"taxonomy":"category","embeddable":true,"href":"https:\/\/www.jeanpierreporcher.com\/en\/wp-json\/wp\/v2\/categories?post=512"},{"taxonomy":"post_tag","embeddable":true,"href":"https:\/\/www.jeanpierreporcher.com\/en\/wp-json\/wp\/v2\/tags?post=512"}],"curies":[{"name":"wp","href":"https:\/\/api.w.org\/{rel}","templated":true}]}}