{"id":1387,"date":"2017-11-23T16:03:00","date_gmt":"2017-11-23T16:03:00","guid":{"rendered":"http:\/\/www.jeanpierreporcher.com\/?p=1387"},"modified":"2022-03-29T13:06:30","modified_gmt":"2022-03-29T13:06:30","slug":"sbn-galeria-exposicao-colectiva-art7seven","status":"publish","type":"post","link":"https:\/\/www.jeanpierreporcher.com\/en\/2017\/11\/23\/sbn-galeria-exposicao-colectiva-art7seven\/","title":{"rendered":"SBN Galery Colective Exhibition: &#8220;art7seven&#8221;"},"content":{"rendered":"<strong><img loading=\"lazy\" decoding=\"async\" class=\"alignnone size-full wp-image-1388\" src=\"http:\/\/www.jeanpierreporcher.com\/wp-content\/uploads\/2017\/11\/convite-definitivo-sbn-.jpg\" alt=\"\" width=\"2419\" height=\"1144\" srcset=\"https:\/\/www.jeanpierreporcher.com\/wp-content\/uploads\/2017\/11\/convite-definitivo-sbn-.jpg 2419w, https:\/\/www.jeanpierreporcher.com\/wp-content\/uploads\/2017\/11\/convite-definitivo-sbn--300x142.jpg 300w, https:\/\/www.jeanpierreporcher.com\/wp-content\/uploads\/2017\/11\/convite-definitivo-sbn--768x363.jpg 768w, https:\/\/www.jeanpierreporcher.com\/wp-content\/uploads\/2017\/11\/convite-definitivo-sbn--1024x484.jpg 1024w, https:\/\/www.jeanpierreporcher.com\/wp-content\/uploads\/2017\/11\/convite-definitivo-sbn--2048x969.jpg 2048w, https:\/\/www.jeanpierreporcher.com\/wp-content\/uploads\/2017\/11\/convite-definitivo-sbn--1200x568.jpg 1200w, https:\/\/www.jeanpierreporcher.com\/wp-content\/uploads\/2017\/11\/convite-definitivo-sbn--800x378.jpg 800w, https:\/\/www.jeanpierreporcher.com\/wp-content\/uploads\/2017\/11\/convite-definitivo-sbn--385x182.jpg 385w, https:\/\/www.jeanpierreporcher.com\/wp-content\/uploads\/2017\/11\/convite-definitivo-sbn--400x189.jpg 400w\" sizes=\"auto, (max-width: 2419px) 100vw, 2419px\" \/><\/strong><strong>&#8220;ART7SEVEN&#8221;<\/strong><br \/>\nColective exhibition<br \/>\n23rd November to 23rd December, 2017<\/p>\n<p><strong>Opening Hours<\/strong><br \/>\nMonday to Saturday from 3 p.m. to 9 p.m.<\/p>\n<p>Abreu Pessegueiro<br \/>\nCatarina Machado<br \/>\nIsabel de Andrade<br \/>\nJean Pierre Porcher<br \/>\nLu\u00eds Coquen\u00e3o<br \/>\nMaria Beatitude<br \/>\nPaulo Neves<\/p>\n<p><strong>SBN Galeria<\/strong><br \/>\nRua C\u00e2ndido dos Reis, 78<br \/>\n4050-151 Porto","protected":false},"excerpt":{"rendered":"<p>&#8220;ART7SEVEN&#8221; Colective exhibition 23rd November to 23rd December, 2017 Opening Hours Monday to Saturday from 3 p.m. to 9 p.m. Abreu Pessegueiro Catarina Machado Isabel de Andrade Jean Pierre Porcher Lu\u00eds Coquen\u00e3o Maria Beatitude Paulo Neves SBN Galeria Rua C\u00e2ndido dos Reis, 78 4050-151 Porto<\/p>\n","protected":false},"author":1,"featured_media":1396,"comment_status":"closed","ping_status":"closed","sticky":false,"template":"","format":"standard","meta":{"footnotes":""},"categories":[24],"tags":[],"class_list":["post-1387","post","type-post","status-publish","format-standard","has-post-thumbnail","hentry","category-pintura"],"_links":{"self":[{"href":"https:\/\/www.jeanpierreporcher.com\/en\/wp-json\/wp\/v2\/posts\/1387","targetHints":{"allow":["GET"]}}],"collection":[{"href":"https:\/\/www.jeanpierreporcher.com\/en\/wp-json\/wp\/v2\/posts"}],"about":[{"href":"https:\/\/www.jeanpierreporcher.com\/en\/wp-json\/wp\/v2\/types\/post"}],"author":[{"embeddable":true,"href":"https:\/\/www.jeanpierreporcher.com\/en\/wp-json\/wp\/v2\/users\/1"}],"replies":[{"embeddable":true,"href":"https:\/\/www.jeanpierreporcher.com\/en\/wp-json\/wp\/v2\/comments?post=1387"}],"version-history":[{"count":6,"href":"https:\/\/www.jeanpierreporcher.com\/en\/wp-json\/wp\/v2\/posts\/1387\/revisions"}],"predecessor-version":[{"id":1470,"href":"https:\/\/www.jeanpierreporcher.com\/en\/wp-json\/wp\/v2\/posts\/1387\/revisions\/1470"}],"wp:featuredmedia":[{"embeddable":true,"href":"https:\/\/www.jeanpierreporcher.com\/en\/wp-json\/wp\/v2\/media\/1396"}],"wp:attachment":[{"href":"https:\/\/www.jeanpierreporcher.com\/en\/wp-json\/wp\/v2\/media?parent=1387"}],"wp:term":[{"taxonomy":"category","embeddable":true,"href":"https:\/\/www.jeanpierreporcher.com\/en\/wp-json\/wp\/v2\/categories?post=1387"},{"taxonomy":"post_tag","embeddable":true,"href":"https:\/\/www.jeanpierreporcher.com\/en\/wp-json\/wp\/v2\/tags?post=1387"}],"curies":[{"name":"wp","href":"https:\/\/api.w.org\/{rel}","templated":true}]}}